{"id":1526,"global_id":"www.svbs-asse.ch?id=1526","global_id_lineage":["www.svbs-asse.ch?id=1526"],"author":"1","status":"publish","date":"2026-01-06 08:04:42","date_utc":"2026-01-06 07:04:42","modified":"2026-01-06 08:04:42","modified_utc":"2026-01-06 07:04:42","url":"https:\/\/www.svbs-asse.ch\/?tribe_events=assemblee-generale-2027&lang=fr","rest_url":"https:\/\/www.svbs-asse.ch\/index.php?rest_route=\/tribe\/events\/v1\/events\/1526","title":"Assembl\u00e9e g\u00e9n\u00e9rale 2027","description":"","excerpt":"","slug":"assemblee-generale-2027","image":{"url":"https:\/\/www.svbs-asse.ch\/wp-content\/uploads\/2025\/12\/1_blau.jpg","id":884,"extension":"jpg","width":1920,"height":1280,"filesize":2119604,"sizes":{"medium":{"width":300,"height":200,"mime-type":"image\/jpeg","filesize":43463,"url":"https:\/\/www.svbs-asse.ch\/wp-content\/uploads\/2025\/12\/1_blau-300x200.jpg"},"large":{"width":1024,"height":683,"mime-type":"image\/jpeg","filesize":209724,"url":"https:\/\/www.svbs-asse.ch\/wp-content\/uploads\/2025\/12\/1_blau-1024x683.jpg"},"thumbnail":{"width":150,"height":150,"mime-type":"image\/jpeg","filesize":31821,"url":"https:\/\/www.svbs-asse.ch\/wp-content\/uploads\/2025\/12\/1_blau-150x150.jpg"},"medium_large":{"width":768,"height":512,"mime-type":"image\/jpeg","filesize":134029,"url":"https:\/\/www.svbs-asse.ch\/wp-content\/uploads\/2025\/12\/1_blau-768x512.jpg"},"1536x1536":{"width":1536,"height":1024,"mime-type":"image\/jpeg","filesize":395489,"url":"https:\/\/www.svbs-asse.ch\/wp-content\/uploads\/2025\/12\/1_blau-1536x1024.jpg"},"svbs_button":{"width":1200,"height":675,"mime-type":"image\/jpeg","filesize":231048,"url":"https:\/\/www.svbs-asse.ch\/wp-content\/uploads\/2025\/12\/1_blau-1200x675.jpg"},"cmplz_banner_image":{"width":350,"height":100,"mime-type":"image\/jpeg","filesize":34673,"url":"https:\/\/www.svbs-asse.ch\/wp-content\/uploads\/2025\/12\/1_blau-350x100.jpg"}}},"all_day":true,"start_date":"2027-03-18 00:00:00","start_date_details":{"year":"2027","month":"03","day":"18","hour":"00","minutes":"00","seconds":"00"},"end_date":"2027-03-18 23:59:59","end_date_details":{"year":"2027","month":"03","day":"18","hour":"23","minutes":"59","seconds":"59"},"utc_start_date":"2027-03-17 23:00:00","utc_start_date_details":{"year":"2027","month":"03","day":"17","hour":"23","minutes":"00","seconds":"00"},"utc_end_date":"2027-03-18 22:59:59","utc_end_date_details":{"year":"2027","month":"03","day":"18","hour":"22","minutes":"59","seconds":"59"},"timezone":"Europe\/Zurich","timezone_abbr":"CET","cost":"","cost_details":{"currency_symbol":"Fr","currency_code":"CHF","currency_position":"prefix","values":[]},"website":"","show_map":true,"show_map_link":true,"hide_from_listings":false,"sticky":false,"featured":false,"categories":[{"name":"ASSE-interne","slug":"asse-interne","term_group":0,"term_taxonomy_id":152,"taxonomy":"tribe_events_cat","description":"","parent":0,"count":3,"filter":"raw","id":152,"urls":{"self":"https:\/\/www.svbs-asse.ch\/index.php?rest_route=\/tribe\/events\/v1\/categories\/152","collection":"https:\/\/www.svbs-asse.ch\/index.php?rest_route=\/tribe\/events\/v1\/categories"}}],"tags":[],"venue":{"id":1518,"author":"1","status":"publish","date":"2026-01-06 08:01:47","date_utc":"2026-01-06 07:01:47","modified":"2026-01-06 08:01:47","modified_utc":"2026-01-06 07:01:47","url":"https:\/\/www.svbs-asse.ch\/?tribe_venue=lieu-encore-indetermine&lang=fr","venue":"Lieu encore ind\u00e9termin\u00e9","slug":"lieu-encore-indetermine","json_ld":{"@type":"Place","name":"Lieu encore ind\u00e9termin\u00e9","description":"","url":"","address":{"@type":"PostalAddress"},"telephone":"","sameAs":""},"show_map":true,"show_map_link":true,"global_id":"www.svbs-asse.ch?id=1518","global_id_lineage":["www.svbs-asse.ch?id=1518"]},"organizer":[],"custom_fields":[],"json_ld":{"@context":"http:\/\/schema.org","@type":"Event","name":"Assembl\u00e9e g\u00e9n\u00e9rale 2027","description":"","image":"https:\/\/www.svbs-asse.ch\/wp-content\/uploads\/2025\/12\/1_blau.jpg","url":"https:\/\/www.svbs-asse.ch\/?tribe_events=assemblee-generale-2027&lang=fr","eventAttendanceMode":"https:\/\/schema.org\/OfflineEventAttendanceMode","eventStatus":"https:\/\/schema.org\/EventScheduled","startDate":"2027-03-18T00:00:00+01:00","endDate":"2027-03-18T23:59:59+01:00","location":{"@type":"Place","name":"Lieu encore ind\u00e9termin\u00e9","description":"","url":"","address":{"@type":"PostalAddress"},"telephone":"","sameAs":""},"performer":"Organization"}}